{"id":1140,"date":"2017-01-16T16:38:44","date_gmt":"2017-01-16T16:38:44","guid":{"rendered":"http:\/\/revistazo.com\/content\/?p=1140"},"modified":"2020-12-06T05:09:44","modified_gmt":"2020-12-06T05:09:44","slug":"en-temas-de-corrupcion-publica-no-se-ajusta-la-via-penal-para-casos-de-injuria-difamacion-y-calumnia-presidente-de-la-corte-suprema-de-uruguay","status":"publish","type":"post","link":"https:\/\/revistazo.com\/content\/en-temas-de-corrupcion-publica-no-se-ajusta-la-via-penal-para-casos-de-injuria-difamacion-y-calumnia-presidente-de-la-corte-suprema-de-uruguay\/","title":{"rendered":"\u201cEn temas de corrupci\u00f3n p\u00fablica no se ajusta la v\u00eda penal para casos de injuria, difamaci\u00f3n y calumnia\u201d: Presidente de la Corte Suprema de Uruguay"},"content":{"rendered":"<table style=\"width: 100%; background-color: #ffffff;\">\n<tbody>\n<tr valign=\"top\">\n<td valign=\"top\" width=\"500\">\n<h3 style=\"font-size: 14.85px; color: #000000; line-height: normal; background-color: #ffffff;\"><span style=\"color: #ffffff;\"><strong><span style=\"color: #ff0000;\"><img style=\"margin-right: 20px; margin-bottom: 30px; float: left;\" src=\"http:\/\/revistazo.com\/content\/wp-content\/uploads\/2020\/11\/Revistazo_Ricardo_Manrique_Peruano_CSJ.jpg\" alt=\"Ricardo Manrique\"><\/span><\/strong><span style=\"color: #ffffff;\"><strong><span style=\"color: #ff0000;\">Ricardo P\u00e9rez Manrique<\/span><\/strong><\/span><\/span><\/h3>\n<p>&nbsp;<span style=\"color: #ffffff;\"><strong><span style=\"color: #ff0000;\"><span style=\"font-size: 12pt; line-height: 107%; font-family: Arial; color: #4472c4; background: none repeat scroll 0% 0% white;\"><br \/>\n<\/span><\/span><\/strong><\/span> <!--more--><\/p>\n<p>&nbsp;<\/p>\n<hr>\n<p><strong>Pa\u00eds:&nbsp;<\/strong>Uruguayo<\/p>\n<p><strong>Profesi\u00f3n:<\/strong>&nbsp;Doctor en Derecho y Ciencias Sociales<\/p>\n<p><strong>Cargos desempe\u00f1ados:<\/strong>&nbsp;Procurador en Uruguay y Argentina, Secretario Letrado Judicial de la Suprema Corte de Justicia de Uruguay. Ministro de Suprema Corte de Justicia, Presidente de la Asociaci\u00f3n Mercosur de jueces de infancia y juventud, Docente en el Centro de Estudios Judiciales de Uruguay y coordinador acad\u00e9mico del grupo redactor de la Convenci\u00f3n Interamericana de Derechos Humanos.<\/p>\n<p>&nbsp;<\/p>\n<p><strong>Cargo Actual:<\/strong>&nbsp;Presidente de la Suprema Corte de Justicia de Uruguay, Secretario de la Cumbre Judicial Latinoamericana y miembro de la Comisi\u00f3n de \u00c9tica Judicial Latinoamericana.<\/p>\n<p>&nbsp;<\/td>\n<\/tr>\n<\/tbody>\n<\/table>\n<p>&nbsp;<\/p>\n<p><em><strong>Por: <\/strong><\/em><span style=\"color: #000000;\"><span style=\"color: #ff0000;\"><em><span style=\"text-decoration: underline;\"><a href=\"index.php\/nacional\/itemlist\/user\/55-germanhreyesr\" rel=\"author\"><span style=\"color: #ff0000; text-decoration: underline;\">German H. Reyes R.<\/span><\/a><\/span><\/em><\/span><\/span><\/p>\n<hr>\n<p>&nbsp;<\/p>\n<p><strong>Como parte de su participaci\u00f3n en la Conferencia Internacional Anti-Corrupci\u00f3n (IACC por sus siglas en ingl\u00e9s), Revistazo tuvo la oportunidad de entrevistar a Ricardo P\u00e9rez Manrique, distinguido abogado uruguayo, sobre un tema de mucha importancia para Honduras: el uso, o mejor dicho mal uso, de leyes \u201canti-calumnia\u201d para reprimir las voces de los que hacen denuncias leg\u00edtimas de la corrupci\u00f3n.<\/strong><\/p>\n<p><span class=\"gkColor-5\"><span style=\"font-size: 11px; line-height: 1.8; background-color: transparent;\"><\/span><\/span><\/p>\n<table style=\"width: 100%; height: 213px;\">\n<tbody>\n<tr valign=\"top\">\n<td valign=\"top\">\n<h3><img loading=\"lazy\" style=\"margin-top: 5px; margin-right: 30px; margin-bottom: 10px;\" src=\"http:\/\/revistazo.com\/content\/wp-content\/uploads\/2020\/11\/1_5x5.jpg\" alt=\"images\" width=\"71\" height=\"78\" align=\"left\"><strong>\u00bfA qu\u00e9 se deben tantas violaciones de la libertad de expresi\u00f3n en los pa\u00edses latinoamericanos?<br \/>\n<\/strong><\/h3>\n<p>&nbsp;<\/p>\n<p>&nbsp;<strong><span class=\"gkDropcap1\"><span style=\"font-size: 12pt;\"><span style=\"font-size: 10pt;\"><span style=\"color: #ff0000;\"><span style=\"color: #000000;\"><strong><span style=\"font-size: 12pt;\"><span style=\"font-size: 10pt;\"><span style=\"color: #ff0000;\"><span style=\"color: #000000;\"><span style=\"font-size: 12pt;\"><span style=\"font-size: 10pt;\"><span style=\"color: #ff0000;\"><span style=\"color: #000000;\"><span style=\"font-size: 12pt;\"><span style=\"font-size: 10pt;\"><span style=\"color: #ff0000;\"><span style=\"color: #000000;\"><span style=\"font-size: 12pt;\"><strong><span style=\"color: #ff0000;\"><span class=\"gkDropcap1\">R.<\/span><\/span><\/strong><\/span><\/span><\/span><\/span><\/span><\/span><\/span><\/span><\/span><\/span><\/span><\/span><\/span><\/strong><\/span><\/span><\/span><\/span><\/span><\/strong><\/p>\n<p>Hay naciones donde el estado de derecho es m\u00e1s d\u00e9bil y all\u00ed no avanzan en la libertad de expresi\u00f3n, libertad de prensa y tampoco hay liberaci\u00f3n sobre informaci\u00f3n p\u00fablica, pero hay otros estados donde el reconocimiento a los derechos es m\u00e1s amplio. A nosotros nos parece que el camino que hemos emprendido desde hace varios a\u00f1os de vincularse los sistemas judiciales con los organismos de derechos humanos y de promoci\u00f3n de derechos, caso Unesco, la Relator\u00eda para Libertad de Expresi\u00f3n, la propia Corte y la comisi\u00f3n Interamericana, es importante en cuanto a mejorar la calidad de servicios de justicia.<span style=\"background-color: transparent;\"><br \/>\n<\/span><\/p>\n<p>&nbsp;<\/td>\n<\/tr>\n<tr>\n<td valign=\"top\">\n<h3><img loading=\"lazy\" style=\"margin-top: 5px; margin-right: 30px; margin-bottom: 10px; float: left;\" src=\"http:\/\/revistazo.com\/content\/wp-content\/uploads\/2020\/11\/2_5x5.jpg\" alt=\"images\" width=\"71\" height=\"78\"><strong>\u00bfPor qu\u00e9 Latinoam\u00e9rica no sigue par\u00e1metros dise\u00f1ados por Estados Unidos y Europa para el tratamiento de las libertades?<\/strong><\/h3>\n<p>&nbsp;<\/p>\n<p><span style=\"font-size: 12pt;\"><span style=\"font-size: 10pt;\"><span style=\"color: #ff0000;\"><span style=\"color: #000000;\"><span style=\"font-size: 12pt;\"><strong><span style=\"color: #ff0000;\"><span class=\"gkDropcap1\">R.<\/span><\/span> <\/strong> <\/span> <\/span> <\/span> <\/span> <\/span><\/p>\n<p>No digo que se hagan cosas por desconocimiento, pero cuando se conoce que hay una posici\u00f3n muy firme de la Corte Interamericana preservando esas libertades, que hay varias cortes en la regi\u00f3n que tambi\u00e9n mantienen una posici\u00f3n de ese tipo, cuando un juez tiene tal vez aisladamente que resolver un asunto de este tipo sabe que tiene un lugar donde est\u00e1 la mejor jurisprudencia y que puede cotejar lo que pensaba hacer con lo que son las mejores pr\u00e1cticas desde el punto de vista de los derechos, a nosotros nos parece que eso va a producir un cambio importante y que ya se est\u00e1 viendo, ya hay sentencias muy importantes en la regi\u00f3n y que en poco tiempo va a comenzar a verse esperemos en la totalidad de los pa\u00edses.<\/p>\n<p>&nbsp;<\/td>\n<\/tr>\n<tr>\n<td valign=\"top\">\n<h3><img loading=\"lazy\" style=\"margin-top: 5px; margin-right: 30px; margin-bottom: 10px; float: left;\" src=\"http:\/\/revistazo.com\/content\/wp-content\/uploads\/2020\/11\/3_5x5.jpg\" alt=\"images\" width=\"71\" height=\"78\"><strong>Honduras penaliza con c\u00e1rcel la injuria, la difamaci\u00f3n y la calumnia. \u00bfEs correcta esa aplicaci\u00f3n en un pa\u00eds democr\u00e1tico?<\/strong><\/h3>\n<p><strong>&nbsp;<\/strong><\/p>\n<p><span style=\"font-size: 12pt;\"><span style=\"font-size: 10pt;\"><span style=\"color: #ff0000;\"><span style=\"color: #000000;\"><span style=\"font-size: 12pt;\"><span style=\"font-size: 10pt;\"><span style=\"color: #ff0000;\"><span style=\"color: #000000;\"><span style=\"font-size: 12pt;\"><strong><span style=\"color: #ff0000;\"><span class=\"gkDropcap1\">R.<\/span><\/span> <\/strong> <\/span> <\/span> <\/span> <\/span> <\/span> <\/span> <\/span> <\/span> <\/span><\/p>\n<p>All\u00ed hay toda una discusi\u00f3n y los organismos de derechos humanos tienen dos posiciones en cuanto a que el tema de que la difamaci\u00f3n e injurias cuando se dirige a temas de corrupci\u00f3n p\u00fablica o tema de autoridades que ejercen cargos p\u00fablicos que all\u00ed la respuesta penal no es la m\u00e1s adecuada y que hay que buscar otro tipo de respuestas, pero eso depende de cada naci\u00f3n, de la cultura jur\u00eddica o de la cultura general y en esos lugares hay. Por eso es importante promover e introducir el debate sobre las tendencias universales porque no solo estamos hablando de organismos regionales sino tambi\u00e9n de la Corte Interamericana de Derechos Humanos, de la Corte Europea de Derechos Humanos y all\u00ed nosotros pensamos que eso va a producir cambios.<\/p>\n<p>&nbsp;<\/td>\n<\/tr>\n<tr>\n<td valign=\"top\">\n<h3><img loading=\"lazy\" style=\"margin-top: 5px; margin-right: 30px; margin-bottom: 10px; float: left;\" src=\"http:\/\/revistazo.com\/content\/wp-content\/uploads\/2020\/11\/4_5x5.jpg\" alt=\"images\" width=\"71\" height=\"78\"><strong>\u00bfQu\u00e9 le podr\u00eda pasar a un estado que incumple recomendaciones de la Relator\u00eda Especial para la Libertad de Expresi\u00f3n?<\/strong><\/h3>\n<p>&nbsp;<\/p>\n<p>&nbsp;<span style=\"font-size: 12pt;\"><span style=\"font-size: 10pt;\"><span style=\"color: #ff0000;\"><span style=\"color: #000000;\"><span style=\"font-size: 12pt;\"><span style=\"font-size: 10pt;\"><span style=\"color: #ff0000;\"><span style=\"color: #000000;\"><span style=\"font-size: 12pt;\"><span style=\"font-size: 10pt;\"><span style=\"color: #ff0000;\"><span style=\"color: #000000;\"><span style=\"font-size: 12pt;\"><strong><span style=\"color: #ff0000;\"><span class=\"gkDropcap1\">R.<\/span><\/span><\/strong><\/span><\/span><\/span><\/span><\/span><\/span><\/span><\/span><\/span><\/span><\/span><\/span><\/span><\/p>\n<p><span><\/span><span>El Relator para Libertad de Expresi\u00f3n de la Comisi\u00f3n Interamericana, es un \u00e1mbito muy importante en el cual se hacen recomendaciones, esas pasan a la Comisi\u00f3n Interamericana y eventualmente la Comisi\u00f3n puede tomar determinadas medidas respecto al pa\u00eds incumplidor. Despu\u00e9s est\u00e1n las demandas ante la Corte Interamericana de los Derechos Humanos por violaciones a los derechos de los periodistas o de los medios y obviamente ah\u00ed hay sanciones, porque cuando se incumplen normas de derechos humanos la Corte condena en el ejerci\u00f3 de su funci\u00f3n jurisdiccional y contenciosa y aplica sanciones a los estados desde el punto de vista econ\u00f3mico, pero tambi\u00e9n de obligarlos a cambiar determinada legislaci\u00f3n. Ese es el resorte \u00faltimo que existe para exigirles responsabilidad a los estados.&nbsp;<\/span><span style=\"background-color: transparent;\"><\/span><span style=\"line-height: 1.8; background-color: transparent;\"><\/span><\/td>\n<\/tr>\n<tr>\n<td valign=\"top\">\n<h3><img loading=\"lazy\" style=\"margin-top: 5px; margin-right: 30px; margin-bottom: 10px; float: left;\" src=\"http:\/\/revistazo.com\/content\/wp-content\/uploads\/2020\/11\/5_5x5.jpg\" alt=\"images\" width=\"71\" height=\"78\"><strong>\u00bfTiene facultades la Corte Interamericana para ordenarle a un estado el cambio en su legislaci\u00f3n interna?<\/strong><\/h3>\n<p><span style=\"font-size: 12pt;\"><span style=\"font-size: 10pt;\"><span style=\"color: #ff0000;\"><span style=\"color: #000000;\"><span style=\"font-size: 12pt;\"><span style=\"font-size: 10pt;\"><span style=\"color: #ff0000;\"><span style=\"color: #000000;\"><span style=\"font-size: 12pt;\"><span style=\"font-size: 10pt;\"><span style=\"color: #ff0000;\"><span style=\"color: #000000;\"><span style=\"font-size: 12pt;\"><strong><span style=\"color: #ff0000;\"><span class=\"gkDropcap1\">R.<\/span><\/span> <\/strong> <\/span> <\/span> <\/span> <\/span> <\/span> <\/span> <\/span> <\/span> <\/span> <\/span> <\/span> <\/span> <\/span><\/p>\n<p><span><\/span>En m\u00faltiples casos de derechos humanos la Corte ya les ha dicho a los estados usted tiene que cambiar tal legislaci\u00f3n. Hay un caso famoso en la Corte Interamericana que se llama la <strong>\u201cTentaci\u00f3n de Cristo\u201d<\/strong>, seguido contra Chile hace unos a\u00f1os porque su Constituci\u00f3n permit\u00eda la censura previa, entonces la Corte le dijo, usted en su Constituci\u00f3n permite la censura previa y eso es en contra de los derechos humanos y Chile cambio su Constituci\u00f3n.<span style=\"background-color: transparent;\"><br \/>\n<\/span><\/p>\n<p><span style=\"color: #44546a;\"><\/span><\/td>\n<\/tr>\n<\/tbody>\n<\/table>\n","protected":false},"excerpt":{"rendered":"<p>Ricardo P\u00e9rez Manrique &nbsp;<\/p>\n","protected":false},"author":2,"featured_media":6053,"comment_status":"open","ping_status":"open","sticky":false,"template":"","format":"standard","meta":{"_links_to":"","_links_to_target":""},"categories":[29],"tags":[],"_links":{"self":[{"href":"https:\/\/revistazo.com\/content\/wp-json\/wp\/v2\/posts\/1140"}],"collection":[{"href":"https:\/\/revistazo.com\/content\/wp-json\/wp\/v2\/posts"}],"about":[{"href":"https:\/\/revistazo.com\/content\/wp-json\/wp\/v2\/types\/post"}],"author":[{"embeddable":true,"href":"https:\/\/revistazo.com\/content\/wp-json\/wp\/v2\/users\/2"}],"replies":[{"embeddable":true,"href":"https:\/\/revistazo.com\/content\/wp-json\/wp\/v2\/comments?post=1140"}],"version-history":[{"count":1,"href":"https:\/\/revistazo.com\/content\/wp-json\/wp\/v2\/posts\/1140\/revisions"}],"predecessor-version":[{"id":5298,"href":"https:\/\/revistazo.com\/content\/wp-json\/wp\/v2\/posts\/1140\/revisions\/5298"}],"wp:featuredmedia":[{"embeddable":true,"href":"https:\/\/revistazo.com\/content\/wp-json\/wp\/v2\/media\/6053"}],"wp:attachment":[{"href":"https:\/\/revistazo.com\/content\/wp-json\/wp\/v2\/media?parent=1140"}],"wp:term":[{"taxonomy":"category","embeddable":true,"href":"https:\/\/revistazo.com\/content\/wp-json\/wp\/v2\/categories?post=1140"},{"taxonomy":"post_tag","embeddable":true,"href":"https:\/\/revistazo.com\/content\/wp-json\/wp\/v2\/tags?post=1140"}],"curies":[{"name":"wp","href":"https:\/\/api.w.org\/{rel}","templated":true}]}}